{"id":14358,"date":"2023-02-23T17:30:55","date_gmt":"2023-02-23T16:30:55","guid":{"rendered":"https:\/\/www.eurodent.it\/?p=14358"},"modified":"2023-02-23T17:31:28","modified_gmt":"2023-02-23T16:31:28","slug":"aux-cotes-des-meilleurs-professionnels-depuis-65-ans","status":"publish","type":"post","link":"https:\/\/www.eurodent.it\/fr\/aux-cotes-des-meilleurs-professionnels-depuis-65-ans\/","title":{"rendered":"Aux cotes des meilleurs professionnels depuis 65 ans"},"content":{"rendered":"<section class=\"cs-section\"><div class=\"container\"><div class=\"row\"><div class=\"col-md-12\"><div class=\"cs-column-inner\">[vc_custom_heading text=\u00a0\u00bbAux cotes des meilleurs professionnels depuis 65 ans\u00a0\u00bb font_container=\u00a0\u00bbtag:h2|text_align:center|color:%23000000&Prime; use_theme_fonts=\u00a0\u00bbyes\u00a0\u00bb][vc_custom_heading text=\u00a0\u00bbEurodent f\u00eate ses 65 ans. Nous avons commenc\u00e9 \u00e0 produire des unit\u00e9s dentaires pendant la p\u00e9riode du boom \u00e9conomique. Nous avons \u00e9tudi\u00e9, con\u00e7u, exp\u00e9riment\u00e9, travaill\u00e9 dur aux c\u00f4t\u00e9s des dentistes pour comprendre leur profession et leur fournir des instruments de plus en plus performants. C\u2019est ainsi que nous sommes parvenus \u00e0 red\u00e9finir les normes du secteur, en devenant un point de r\u00e9f\u00e9rence faisant autorit\u00e9. Merci pour ces 65 ann\u00e9es : c\u2019est une \u00e9tape importante que nous avons atteinte ensemble.\u00a0\u00bb font_container=\u00a0\u00bbtag:h4|text_align:center|color:%23000000&Prime; use_theme_fonts=\u00a0\u00bbyes\u00a0\u00bb]\t\t\t<!-- Cool Timeline PRO V4.8.7 -->\r\n\t\t\t<div class=\"ctl-wrapper\" role=\"region\" aria-label=\"Timeline\">\r\n\t\t\t\t\t\t\t\t<div id=\"cool_timeline_1\" class=\"cool-timeline-wrapper ctl-both-sided ctl-vertical-wrapper ctl-default\" data-nav=\"hide\" data-line-filling=\"false\" data-nav-pos=\"right\">\r\n\t\t\t\t\t<div class=\"ctl-start\"><\/div>\r\n\t\t\t\t\t<!-- Timeline Container -->\r\n\t\t\t\t\t<div class=\"ctl-timeline ctl-timeline-container\" data-animation=\"none\" aria-live=\"polite\">\r\n\t\t\t\t\t\t<!-- Center Line -->\r\n\t\t\t\t\t\t<div class=\"ctl-inner-line\" role=\"presentation\"><\/div>\r\n\t\t\t\t\t\t<!-- Story Year Section --><div data-cls=\"sc-nv-light vertical\" class=\"timeline-year scrollable-section ctl-year ctl-year-container light-year\" data-section-title=\"1958\" id=\"year-1958\"><div class=\"ctl-year-label ctl-year-text\"><span>1958<\/span><\/div><\/div><!-- Timeline Content --><div id=\"ctl-story-14347\" class=\"ctl-story ctl-story-icon odd ctl-story-right\" data-story-index=\"1\" role=\"article\"><!-- Story Date --><div class=\"ctl-labels\"><div class=\"ctl-label-big story-date\">F\u00e9v 01<\/div><\/div><!-- Story Icon --><div class=\"ctl-icon\"><i class= \"fa fas fa-check\" aria-hidden= \"true\"><\/i> <\/div> <!-- Story Arrow --><div class=\"ctl-arrow\"><\/div>\r\n\t\t\t<!-- Story Content --><div class=\"ctl-content\"><!-- Story Title --><div class=\"ctl-title story-14347\" aria-label=\"EURODENT\"><a target=\"_self\" title=\"EURODENT\" href=\"https:\/\/www.eurodent.it\/fr\/timeline\/eurodent-4\/\" class=\"story-link\">EURODENT<\/a><\/div><!-- Story Media --><div class=\"ctl-media full\"><a data-glightbox=\"EURODENT\" href=\"https:\/\/www.eurodent.it\/wp-content\/uploads\/2023\/02\/1958.jpg\" class=\"ctl_glightbox\"><img loading=\"lazy\" decoding=\"async\" width=\"1024\" height=\"788\" src=\"https:\/\/www.eurodent.it\/wp-content\/uploads\/2023\/02\/1958-1024x788.jpg\" class=\"story-img wp-post-image\" alt=\"EURODENT\" srcset=\"https:\/\/www.eurodent.it\/wp-content\/uploads\/2023\/02\/1958-1024x788.jpg 1024w, https:\/\/www.eurodent.it\/wp-content\/uploads\/2023\/02\/1958-300x231.jpg 300w, https:\/\/www.eurodent.it\/wp-content\/uploads\/2023\/02\/1958-768x591.jpg 768w, https:\/\/www.eurodent.it\/wp-content\/uploads\/2023\/02\/1958.jpg 1300w\" sizes=\"auto, (max-width: 1024px) 100vw, 1024px\" \/><\/a><\/div><!-- Story Description --><div class=\"ctl-description\"><p>Eurodent est fond\u00e9e \u00e0 Bologne et commence la production de fauteuils dentaires.<\/p>\n<\/div><\/div><\/div><!-- Story Year Section --><div data-cls=\"sc-nv-light vertical\" class=\"timeline-year scrollable-section ctl-year ctl-year-container light-year\" data-section-title=\"1965\" id=\"year-1965\"><div class=\"ctl-year-label ctl-year-text\"><span>1965<\/span><\/div><\/div><!-- Timeline Content --><div id=\"ctl-story-14348\" class=\"ctl-story ctl-story-icon even ctl-story-left\" data-story-index=\"2\" role=\"article\"><!-- Story Date --><div class=\"ctl-labels\"><div class=\"ctl-label-big story-date\">F\u00e9v 05<\/div><\/div><!-- Story Icon --><div class=\"ctl-icon\"><i class= \"fa fas fa-check\" aria-hidden= \"true\"><\/i> <\/div> <!-- Story Arrow --><div class=\"ctl-arrow\"><\/div>\r\n\t\t\t<!-- Story Content --><div class=\"ctl-content\"><!-- Story Title --><div class=\"ctl-title story-14348\" aria-label=\"X3\"><a target=\"_self\" title=\"X3\" href=\"https:\/\/www.eurodent.it\/fr\/timeline\/x3-4\/\" class=\"story-link\">X3<\/a><\/div><!-- Story Media --><div class=\"ctl-media full\"><a data-glightbox=\"X3\" href=\"https:\/\/www.eurodent.it\/wp-content\/uploads\/2023\/02\/1964.jpg\" class=\"ctl_glightbox\"><img loading=\"lazy\" decoding=\"async\" width=\"1024\" height=\"788\" src=\"https:\/\/www.eurodent.it\/wp-content\/uploads\/2023\/02\/1964-1024x788.jpg\" class=\"story-img wp-post-image\" alt=\"X3\" srcset=\"https:\/\/www.eurodent.it\/wp-content\/uploads\/2023\/02\/1964-1024x788.jpg 1024w, https:\/\/www.eurodent.it\/wp-content\/uploads\/2023\/02\/1964-300x231.jpg 300w, https:\/\/www.eurodent.it\/wp-content\/uploads\/2023\/02\/1964-768x591.jpg 768w, https:\/\/www.eurodent.it\/wp-content\/uploads\/2023\/02\/1964.jpg 1300w\" sizes=\"auto, (max-width: 1024px) 100vw, 1024px\" \/><\/a><\/div><!-- Story Description --><div class=\"ctl-description\"><p>X3, le premier fauteuil du march\u00e9 dot\u00e9 d&rsquo;un syst\u00e8me de soul\u00e8vement \u00e0 pantographe.<\/p>\n<\/div><\/div><\/div><!-- Story Year Section --><div data-cls=\"sc-nv-light vertical\" class=\"timeline-year scrollable-section ctl-year ctl-year-container light-year\" data-section-title=\"1972\" id=\"year-1972\"><div class=\"ctl-year-label ctl-year-text\"><span>1972<\/span><\/div><\/div><!-- Timeline Content --><div id=\"ctl-story-14349\" class=\"ctl-story ctl-story-icon odd ctl-story-right\" data-story-index=\"3\" role=\"article\"><!-- Story Date --><div class=\"ctl-labels\"><div class=\"ctl-label-big story-date\">F\u00e9v 04<\/div><\/div><!-- Story Icon --><div class=\"ctl-icon\"><i class= \"fa fas fa-check\" aria-hidden= \"true\"><\/i> <\/div> <!-- Story Arrow --><div class=\"ctl-arrow\"><\/div>\r\n\t\t\t<!-- Story Content --><div class=\"ctl-content\"><!-- Story Title --><div class=\"ctl-title story-14349\" aria-label=\"MAXERGO\"><a target=\"_self\" title=\"MAXERGO\" href=\"https:\/\/www.eurodent.it\/fr\/timeline\/maxergo-4\/\" class=\"story-link\">MAXERGO<\/a><\/div><!-- Story Media --><div class=\"ctl-media full\"><a data-glightbox=\"MAXERGO\" href=\"https:\/\/www.eurodent.it\/wp-content\/uploads\/2023\/02\/1972.jpg\" class=\"ctl_glightbox\"><img loading=\"lazy\" decoding=\"async\" width=\"1024\" height=\"788\" src=\"https:\/\/www.eurodent.it\/wp-content\/uploads\/2023\/02\/1972-1024x788.jpg\" class=\"story-img wp-post-image\" alt=\"MAXERGO\" srcset=\"https:\/\/www.eurodent.it\/wp-content\/uploads\/2023\/02\/1972-1024x788.jpg 1024w, https:\/\/www.eurodent.it\/wp-content\/uploads\/2023\/02\/1972-300x231.jpg 300w, https:\/\/www.eurodent.it\/wp-content\/uploads\/2023\/02\/1972-768x591.jpg 768w, https:\/\/www.eurodent.it\/wp-content\/uploads\/2023\/02\/1972.jpg 1300w\" sizes=\"auto, (max-width: 1024px) 100vw, 1024px\" \/><\/a><\/div><!-- Story Description --><div class=\"ctl-description\"><p>Maxergo introduit l&rsquo;instrumentation \u00e0 bras \u00e9quilibr\u00e9s, une solution qui a ensuite \u00e9t\u00e9 universellement adopt\u00e9e et l\u2019est encore de nos jours.<\/p>\n<\/div><\/div><\/div><!-- Story Year Section --><div data-cls=\"sc-nv-light vertical\" class=\"timeline-year scrollable-section ctl-year ctl-year-container light-year\" data-section-title=\"1976\" id=\"year-1976\"><div class=\"ctl-year-label ctl-year-text\"><span>1976<\/span><\/div><\/div><!-- Timeline Content --><div id=\"ctl-story-14350\" class=\"ctl-story ctl-story-icon even ctl-story-left\" data-story-index=\"4\" role=\"article\"><!-- Story Date --><div class=\"ctl-labels\"><div class=\"ctl-label-big story-date\">F\u00e9v 06<\/div><\/div><!-- Story Icon --><div class=\"ctl-icon\"><i class= \"fa fas fa-check\" aria-hidden= \"true\"><\/i> <\/div> <!-- Story Arrow --><div class=\"ctl-arrow\"><\/div>\r\n\t\t\t<!-- Story Content --><div class=\"ctl-content\"><!-- Story Title --><div class=\"ctl-title story-14350\" aria-label=\"ISOMATIC\"><a target=\"_self\" title=\"ISOMATIC\" href=\"https:\/\/www.eurodent.it\/fr\/timeline\/isomatic-4\/\" class=\"story-link\">ISOMATIC<\/a><\/div><!-- Story Media --><div class=\"ctl-media full\"><a data-glightbox=\"ISOMATIC\" href=\"https:\/\/www.eurodent.it\/wp-content\/uploads\/2023\/02\/1976.jpg\" class=\"ctl_glightbox\"><img loading=\"lazy\" decoding=\"async\" width=\"1024\" height=\"788\" src=\"https:\/\/www.eurodent.it\/wp-content\/uploads\/2023\/02\/1976-1024x788.jpg\" class=\"story-img wp-post-image\" alt=\"ISOMATIC\" srcset=\"https:\/\/www.eurodent.it\/wp-content\/uploads\/2023\/02\/1976-1024x788.jpg 1024w, https:\/\/www.eurodent.it\/wp-content\/uploads\/2023\/02\/1976-300x231.jpg 300w, https:\/\/www.eurodent.it\/wp-content\/uploads\/2023\/02\/1976-768x591.jpg 768w, https:\/\/www.eurodent.it\/wp-content\/uploads\/2023\/02\/1976.jpg 1300w\" sizes=\"auto, (max-width: 1024px) 100vw, 1024px\" \/><\/a><\/div><!-- Story Description --><div class=\"ctl-description\"><p>Isomatic, le premier unit dentaire \u00ab personnalisable \u00bb gr\u00e2ce \u00e0 son syst\u00e8me modulaire d&rsquo;instruments, qui fait l\u2019objet d\u2019un brevet Eurodent. Fabriqu\u00e9 au moyen de polym\u00e8res moul\u00e9s par injection.<\/p>\n<\/div><\/div><\/div><!-- Story Year Section --><div data-cls=\"sc-nv-light vertical\" class=\"timeline-year scrollable-section ctl-year ctl-year-container light-year\" data-section-title=\"1989\" id=\"year-1989\"><div class=\"ctl-year-label ctl-year-text\"><span>1989<\/span><\/div><\/div><!-- Timeline Content --><div id=\"ctl-story-14351\" class=\"ctl-story ctl-story-icon odd ctl-story-right\" data-story-index=\"5\" role=\"article\"><!-- Story Date --><div class=\"ctl-labels\"><div class=\"ctl-label-big story-date\">F\u00e9v 03<\/div><\/div><!-- Story Icon --><div class=\"ctl-icon\"><i class= \"fa fas fa-check\" aria-hidden= \"true\"><\/i> <\/div> <!-- Story Arrow --><div class=\"ctl-arrow\"><\/div>\r\n\t\t\t<!-- Story Content --><div class=\"ctl-content\"><!-- Story Title --><div class=\"ctl-title story-14351\" aria-label=\"ISOTRON\"><a target=\"_self\" title=\"ISOTRON\" href=\"https:\/\/www.eurodent.it\/fr\/timeline\/isotron-4\/\" class=\"story-link\">ISOTRON<\/a><\/div><!-- Story Media --><div class=\"ctl-media full\"><a data-glightbox=\"ISOTRON\" href=\"https:\/\/www.eurodent.it\/wp-content\/uploads\/2023\/02\/1989-1.jpg\" class=\"ctl_glightbox\"><img loading=\"lazy\" decoding=\"async\" width=\"1024\" height=\"788\" src=\"https:\/\/www.eurodent.it\/wp-content\/uploads\/2023\/02\/1989-1-1024x788.jpg\" class=\"story-img wp-post-image\" alt=\"ISOTRON\" srcset=\"https:\/\/www.eurodent.it\/wp-content\/uploads\/2023\/02\/1989-1-1024x788.jpg 1024w, https:\/\/www.eurodent.it\/wp-content\/uploads\/2023\/02\/1989-1-300x231.jpg 300w, https:\/\/www.eurodent.it\/wp-content\/uploads\/2023\/02\/1989-1-768x591.jpg 768w, https:\/\/www.eurodent.it\/wp-content\/uploads\/2023\/02\/1989-1.jpg 1300w\" sizes=\"auto, (max-width: 1024px) 100vw, 1024px\" \/><\/a><\/div><!-- Story Description --><div class=\"ctl-description\"><p>Naissance d\u2019Isotron, l&rsquo;unit dentaire qui a marqu\u00e9 une r\u00e9volution dans le domaine dentaire. L&rsquo;unit dentaire, con\u00e7u par Giugiaro Design, remport\u00e9 le Compasso d&rsquo;Oro, l&rsquo;un des prix internationaux de design les plus prestigieux, en 1991.<\/p>\n<\/div><\/div><\/div><!-- Story Year Section --><div data-cls=\"sc-nv-light vertical\" class=\"timeline-year scrollable-section ctl-year ctl-year-container light-year\" data-section-title=\"2006\" id=\"year-2006\"><div class=\"ctl-year-label ctl-year-text\"><span>2006<\/span><\/div><\/div><!-- Timeline Content --><div id=\"ctl-story-14352\" class=\"ctl-story ctl-story-icon even ctl-story-left\" data-story-index=\"6\" role=\"article\"><!-- Story Date --><div class=\"ctl-labels\"><div class=\"ctl-label-big story-date\">F\u00e9v 03<\/div><\/div><!-- Story Icon --><div class=\"ctl-icon\"><i class= \"fa fas fa-check\" aria-hidden= \"true\"><\/i> <\/div> <!-- Story Arrow --><div class=\"ctl-arrow\"><\/div>\r\n\t\t\t<!-- Story Content --><div class=\"ctl-content\"><!-- Story Title --><div class=\"ctl-title story-14352\" aria-label=\"VISION LED\"><a target=\"_self\" title=\"VISION LED\" href=\"https:\/\/www.eurodent.it\/fr\/timeline\/vision-led-4\/\" class=\"story-link\">VISION LED<\/a><\/div><!-- Story Media --><div class=\"ctl-media full\"><a data-glightbox=\"VISION LED\" href=\"https:\/\/www.eurodent.it\/wp-content\/uploads\/2023\/02\/2006.jpg\" class=\"ctl_glightbox\"><img loading=\"lazy\" decoding=\"async\" width=\"1024\" height=\"788\" src=\"https:\/\/www.eurodent.it\/wp-content\/uploads\/2023\/02\/2006-1024x788.jpg\" class=\"story-img wp-post-image\" alt=\"VISION LED\" srcset=\"https:\/\/www.eurodent.it\/wp-content\/uploads\/2023\/02\/2006-1024x788.jpg 1024w, https:\/\/www.eurodent.it\/wp-content\/uploads\/2023\/02\/2006-300x231.jpg 300w, https:\/\/www.eurodent.it\/wp-content\/uploads\/2023\/02\/2006-768x591.jpg 768w, https:\/\/www.eurodent.it\/wp-content\/uploads\/2023\/02\/2006.jpg 1300w\" sizes=\"auto, (max-width: 1024px) 100vw, 1024px\" \/><\/a><\/div><!-- Story Description --><div class=\"ctl-description\"><p>Vision Led, la premi\u00e8re lampe op\u00e9ratoire \u00e0 LED. Une autre innovation importante d&rsquo;Eurodent pour la profession dentaire.<\/p>\n<\/div><\/div><\/div><!-- Story Year Section --><div data-cls=\"sc-nv-light vertical\" class=\"timeline-year scrollable-section ctl-year ctl-year-container light-year\" data-section-title=\"2018\" id=\"year-2018\"><div class=\"ctl-year-label ctl-year-text\"><span>2018<\/span><\/div><\/div><!-- Timeline Content --><div id=\"ctl-story-14353\" class=\"ctl-story ctl-story-icon odd ctl-story-right\" data-story-index=\"7\" role=\"article\"><!-- Story Date --><div class=\"ctl-labels\"><div class=\"ctl-label-big story-date\">F\u00e9v 02<\/div><\/div><!-- Story Icon --><div class=\"ctl-icon\"><i class= \"fa fas fa-check\" aria-hidden= \"true\"><\/i> <\/div> <!-- Story Arrow --><div class=\"ctl-arrow\"><\/div>\r\n\t\t\t<!-- Story Content --><div class=\"ctl-content\"><!-- Story Title --><div class=\"ctl-title story-14353\" aria-label=\"ABSOLUTE\"><a target=\"_self\" title=\"ABSOLUTE\" href=\"https:\/\/www.eurodent.it\/fr\/timeline\/absolute-4\/\" class=\"story-link\">ABSOLUTE<\/a><\/div><!-- Story Media --><div class=\"ctl-media full\"><a data-glightbox=\"ABSOLUTE\" href=\"https:\/\/www.eurodent.it\/wp-content\/uploads\/2023\/02\/2018.jpg\" class=\"ctl_glightbox\"><img loading=\"lazy\" decoding=\"async\" width=\"1024\" height=\"788\" src=\"https:\/\/www.eurodent.it\/wp-content\/uploads\/2023\/02\/2018-1024x788.jpg\" class=\"story-img wp-post-image\" alt=\"ABSOLUTE\" srcset=\"https:\/\/www.eurodent.it\/wp-content\/uploads\/2023\/02\/2018-1024x788.jpg 1024w, https:\/\/www.eurodent.it\/wp-content\/uploads\/2023\/02\/2018-300x231.jpg 300w, https:\/\/www.eurodent.it\/wp-content\/uploads\/2023\/02\/2018-768x591.jpg 768w, https:\/\/www.eurodent.it\/wp-content\/uploads\/2023\/02\/2018.jpg 1300w\" sizes=\"auto, (max-width: 1024px) 100vw, 1024px\" \/><\/a><\/div><!-- Story Description --><div class=\"ctl-description\"><p>Naissance d\u2019Absolute, le premier unit dentaire \u00e0 colonne d&rsquo;Eurodent, concentrant soixante ans d&rsquo;exp\u00e9rience et d&rsquo;innovation dans le domaine dentaire.<\/p>\n<\/div><\/div><\/div><!-- Story Year Section --><div data-cls=\"sc-nv-light vertical\" class=\"timeline-year scrollable-section ctl-year ctl-year-container light-year\" data-section-title=\"2020\" id=\"year-2020\"><div class=\"ctl-year-label ctl-year-text\"><span>2020<\/span><\/div><\/div><!-- Timeline Content --><div id=\"ctl-story-14355\" class=\"ctl-story ctl-story-icon even ctl-story-left\" data-story-index=\"8\" role=\"article\"><!-- Story Date --><div class=\"ctl-labels\"><div class=\"ctl-label-big story-date\">F\u00e9v 07<\/div><\/div><!-- Story Icon --><div class=\"ctl-icon\"><i class= \"fa fas fa-check\" aria-hidden= \"true\"><\/i> <\/div> <!-- Story Arrow --><div class=\"ctl-arrow\"><\/div>\r\n\t\t\t<!-- Story Content --><div class=\"ctl-content\"><!-- Story Title --><div class=\"ctl-title story-14355\" aria-label=\"ISO\/OS\"><a target=\"_self\" title=\"ISO\/OS\" href=\"https:\/\/www.eurodent.it\/fr\/timeline\/iso-os-4\/\" class=\"story-link\">ISO\/OS<\/a><\/div><!-- Story Media --><div class=\"ctl-media full\"><a data-glightbox=\"ISO\/OS\" href=\"https:\/\/www.eurodent.it\/wp-content\/uploads\/2023\/02\/2020.jpg\" class=\"ctl_glightbox\"><img loading=\"lazy\" decoding=\"async\" width=\"1024\" height=\"788\" src=\"https:\/\/www.eurodent.it\/wp-content\/uploads\/2023\/02\/2020-1024x788.jpg\" class=\"story-img wp-post-image\" alt=\"ISO\/OS\" srcset=\"https:\/\/www.eurodent.it\/wp-content\/uploads\/2023\/02\/2020-1024x788.jpg 1024w, https:\/\/www.eurodent.it\/wp-content\/uploads\/2023\/02\/2020-300x231.jpg 300w, https:\/\/www.eurodent.it\/wp-content\/uploads\/2023\/02\/2020-768x591.jpg 768w, https:\/\/www.eurodent.it\/wp-content\/uploads\/2023\/02\/2020.jpg 1300w\" sizes=\"auto, (max-width: 1024px) 100vw, 1024px\" \/><\/a><\/div><!-- Story Description --><div class=\"ctl-description\"><p>Naissance d\u2019ISO\/OS : le cabinet de chirurgie orale d\u00e9di\u00e9 aux professionnels.<\/p>\n<\/div><\/div><\/div><!-- Story Year Section --><div data-cls=\"sc-nv-light vertical\" class=\"timeline-year scrollable-section ctl-year ctl-year-container light-year\" data-section-title=\"2021\" id=\"year-2021\"><div class=\"ctl-year-label ctl-year-text\"><span>2021<\/span><\/div><\/div><!-- Timeline Content --><div id=\"ctl-story-14356\" class=\"ctl-story ctl-story-icon odd ctl-story-right\" data-story-index=\"9\" role=\"article\"><!-- Story Date --><div class=\"ctl-labels\"><div class=\"ctl-label-big story-date\">F\u00e9v 05<\/div><\/div><!-- Story Icon --><div class=\"ctl-icon\"><i class= \"fa fas fa-check\" aria-hidden= \"true\"><\/i> <\/div> <!-- Story Arrow --><div class=\"ctl-arrow\"><\/div>\r\n\t\t\t<!-- Story Content --><div class=\"ctl-content\"><!-- Story Title --><div class=\"ctl-title story-14356\" aria-label=\"ISOFLEX\"><a target=\"_self\" title=\"ISOFLEX\" href=\"https:\/\/www.eurodent.it\/fr\/timeline\/isoflex-4\/\" class=\"story-link\">ISOFLEX<\/a><\/div><!-- Story Media --><div class=\"ctl-media full\"><a data-glightbox=\"ISOFLEX\" href=\"https:\/\/www.eurodent.it\/wp-content\/uploads\/2023\/02\/2021.jpg\" class=\"ctl_glightbox\"><img loading=\"lazy\" decoding=\"async\" width=\"1024\" height=\"788\" src=\"https:\/\/www.eurodent.it\/wp-content\/uploads\/2023\/02\/2021-1024x788.jpg\" class=\"story-img wp-post-image\" alt=\"ISOFLEX\" srcset=\"https:\/\/www.eurodent.it\/wp-content\/uploads\/2023\/02\/2021-1024x788.jpg 1024w, https:\/\/www.eurodent.it\/wp-content\/uploads\/2023\/02\/2021-300x231.jpg 300w, https:\/\/www.eurodent.it\/wp-content\/uploads\/2023\/02\/2021-768x591.jpg 768w, https:\/\/www.eurodent.it\/wp-content\/uploads\/2023\/02\/2021.jpg 1300w\" sizes=\"auto, (max-width: 1024px) 100vw, 1024px\" \/><\/a><\/div><!-- Story Description --><div class=\"ctl-description\"><p>ISOFLEX : le nouveau concept de travail qui favorise une flexibilit\u00e9 et une fluidit\u00e9 maximales au travail, pour toujours obtenir le meilleur r\u00e9sultat de traitement.<\/p>\n<\/div><\/div><\/div><!-- Story Year Section --><div data-cls=\"sc-nv-light vertical\" class=\"timeline-year scrollable-section ctl-year ctl-year-container light-year\" data-section-title=\"2023\" id=\"year-2023\"><div class=\"ctl-year-label ctl-year-text\"><span>2023<\/span><\/div><\/div><!-- Timeline Content --><div id=\"ctl-story-14357\" class=\"ctl-story ctl-story-icon even ctl-story-left\" data-story-index=\"10\" role=\"article\"><!-- Story Date --><div class=\"ctl-labels\"><div class=\"ctl-label-big story-date\">F\u00e9v 23<\/div><\/div><!-- Story Icon --><div class=\"ctl-icon\"><i class= \"fa fas fa-check\" aria-hidden= \"true\"><\/i> <\/div> <!-- Story Arrow --><div class=\"ctl-arrow\"><\/div>\r\n\t\t\t<!-- Story Content --><div class=\"ctl-content\"><!-- Story Title --><div class=\"ctl-title story-14357\" aria-label=\"SUPREME\"><a target=\"_self\" title=\"SUPREME\" href=\"https:\/\/www.eurodent.it\/fr\/timeline\/supreme-4\/\" class=\"story-link\">SUPREME<\/a><\/div><!-- Story Media --><div class=\"ctl-media full\"><a data-glightbox=\"SUPREME\" href=\"https:\/\/www.eurodent.it\/wp-content\/uploads\/2023\/02\/2023.jpg\" class=\"ctl_glightbox\"><img loading=\"lazy\" decoding=\"async\" width=\"1024\" height=\"788\" src=\"https:\/\/www.eurodent.it\/wp-content\/uploads\/2023\/02\/2023-1024x788.jpg\" class=\"story-img wp-post-image\" alt=\"SUPREME\" srcset=\"https:\/\/www.eurodent.it\/wp-content\/uploads\/2023\/02\/2023-1024x788.jpg 1024w, https:\/\/www.eurodent.it\/wp-content\/uploads\/2023\/02\/2023-300x231.jpg 300w, https:\/\/www.eurodent.it\/wp-content\/uploads\/2023\/02\/2023-768x591.jpg 768w, https:\/\/www.eurodent.it\/wp-content\/uploads\/2023\/02\/2023.jpg 1300w\" sizes=\"auto, (max-width: 1024px) 100vw, 1024px\" \/><\/a><\/div><!-- Story Description --><div class=\"ctl-description\"><p>SUPREME est le nouveau fauteuil qui sera pr\u00e9sent\u00e9 en premi\u00e8re mondiale au salon IDS de Cologne. Venez le d\u00e9couvrir du 14 au 18 mars, stand 11.1, hall G28\/H29.<\/p>\n<\/div><\/div><\/div>\t\t\t\t\t<\/div>\r\n\t\t\t\t\t<div class=\"ctl-end\"><\/div>\r\n\t\t\t\t\t\t\t\t\t<\/div>\r\n\t\t\t<\/div>\r\n\t\t\t<\/div><\/div><\/div><\/div><\/section>\n","protected":false},"excerpt":{"rendered":"<p>Eurodent f\u00eate ses 65 ans. Nous avons commenc\u00e9 \u00e0 produire des unit\u00e9s dentaires pendant la p\u00e9riode du boom \u00e9conomique. Nous avons \u00e9tudi\u00e9, con\u00e7u, exp\u00e9riment\u00e9, travaill\u00e9 dur aux c\u00f4t\u00e9s des dentistes pour comprendre leur profession et leur fournir des instruments de plus en plus performants. <span class=\"entry-read-more\"><a href=\"https:\/\/www.eurodent.it\/fr\/timeline\/supreme-4\/\" class=\"cs-btn cs-btn-flat cs-btn-rounded cs-btn-xxs cs-btn-flat-accent\">Lire la suite<\/a><\/span><\/p>\n","protected":false},"author":5,"featured_media":14359,"comment_status":"closed","ping_status":"closed","sticky":false,"template":"","format":"standard","meta":{"footnotes":""},"categories":[26],"tags":[],"class_list":["post-14358","post","type-post","status-publish","format-standard","has-post-thumbnail","hentry","category-actualites"],"yoast_head":"<!-- This site is optimized with the Yoast SEO plugin v23.9 - https:\/\/yoast.com\/wordpress\/plugins\/seo\/ -->\n<title>Aux cotes des meilleurs professionnels depuis 65 ans - Eurodent - Treat Yourself! - Dental Equipment<\/title>\n<meta name=\"robots\" content=\"index, follow, max-snippet:-1, max-image-preview:large, max-video-preview:-1\" \/>\n<link rel=\"canonical\" href=\"https:\/\/www.eurodent.it\/fr\/aux-cotes-des-meilleurs-professionnels-depuis-65-ans\/\" \/>\n<meta property=\"og:locale\" content=\"fr_FR\" \/>\n<meta property=\"og:type\" content=\"article\" \/>\n<meta property=\"og:title\" content=\"Aux cotes des meilleurs professionnels depuis 65 ans - Eurodent - Treat Yourself! - Dental Equipment\" \/>\n<meta property=\"og:description\" content=\"Eurodent f\u00eate ses 65 ans. Nous avons commenc\u00e9 \u00e0 produire des unit\u00e9s dentaires pendant la p\u00e9riode du boom \u00e9conomique. Nous avons \u00e9tudi\u00e9, con\u00e7u, exp\u00e9riment\u00e9, travaill\u00e9 dur aux c\u00f4t\u00e9s des dentistes pour comprendre leur profession et leur fournir des instruments de plus en plus performants.\" \/>\n<meta property=\"og:url\" content=\"https:\/\/www.eurodent.it\/fr\/aux-cotes-des-meilleurs-professionnels-depuis-65-ans\/\" \/>\n<meta property=\"og:site_name\" content=\"Eurodent - Treat Yourself! - Dental Equipment\" \/>\n<meta property=\"article:published_time\" content=\"2023-02-23T16:30:55+00:00\" \/>\n<meta property=\"article:modified_time\" content=\"2023-02-23T16:31:28+00:00\" \/>\n<meta property=\"og:image\" content=\"https:\/\/www.eurodent.it\/wp-content\/uploads\/2023\/02\/timeline-fra.gif\" \/>\n\t<meta property=\"og:image:width\" content=\"1240\" \/>\n\t<meta property=\"og:image:height\" content=\"874\" \/>\n\t<meta property=\"og:image:type\" content=\"image\/gif\" \/>\n<meta name=\"author\" content=\"mollusco.MEB\" \/>\n<meta name=\"twitter:card\" content=\"summary_large_image\" \/>\n<meta name=\"twitter:label1\" content=\"\u00c9crit par\" \/>\n\t<meta name=\"twitter:data1\" content=\"mollusco.MEB\" \/>\n\t<meta name=\"twitter:label2\" content=\"Dur\u00e9e de lecture estim\u00e9e\" \/>\n\t<meta name=\"twitter:data2\" content=\"1 minute\" \/>\n<script type=\"application\/ld+json\" class=\"yoast-schema-graph\">{\"@context\":\"https:\/\/schema.org\",\"@graph\":[{\"@type\":\"Article\",\"@id\":\"https:\/\/www.eurodent.it\/fr\/aux-cotes-des-meilleurs-professionnels-depuis-65-ans\/#article\",\"isPartOf\":{\"@id\":\"https:\/\/www.eurodent.it\/fr\/aux-cotes-des-meilleurs-professionnels-depuis-65-ans\/\"},\"author\":{\"name\":\"mollusco.MEB\",\"@id\":\"https:\/\/www.eurodent.it\/es\/#\/schema\/person\/4945f076eae2da85e9dd0be5a250fdc1\"},\"headline\":\"Aux cotes des meilleurs professionnels depuis 65 ans\",\"datePublished\":\"2023-02-23T16:30:55+00:00\",\"dateModified\":\"2023-02-23T16:31:28+00:00\",\"mainEntityOfPage\":{\"@id\":\"https:\/\/www.eurodent.it\/fr\/aux-cotes-des-meilleurs-professionnels-depuis-65-ans\/\"},\"wordCount\":174,\"publisher\":{\"@id\":\"https:\/\/www.eurodent.it\/es\/#organization\"},\"image\":{\"@id\":\"https:\/\/www.eurodent.it\/fr\/aux-cotes-des-meilleurs-professionnels-depuis-65-ans\/#primaryimage\"},\"thumbnailUrl\":\"https:\/\/www.eurodent.it\/wp-content\/uploads\/2023\/02\/timeline-fra.gif\",\"articleSection\":[\"Actualit\u00e9s\"],\"inLanguage\":\"fr-FR\"},{\"@type\":\"WebPage\",\"@id\":\"https:\/\/www.eurodent.it\/fr\/aux-cotes-des-meilleurs-professionnels-depuis-65-ans\/\",\"url\":\"https:\/\/www.eurodent.it\/fr\/aux-cotes-des-meilleurs-professionnels-depuis-65-ans\/\",\"name\":\"Aux cotes des meilleurs professionnels depuis 65 ans - Eurodent - Treat Yourself! - Dental Equipment\",\"isPartOf\":{\"@id\":\"https:\/\/www.eurodent.it\/es\/#website\"},\"primaryImageOfPage\":{\"@id\":\"https:\/\/www.eurodent.it\/fr\/aux-cotes-des-meilleurs-professionnels-depuis-65-ans\/#primaryimage\"},\"image\":{\"@id\":\"https:\/\/www.eurodent.it\/fr\/aux-cotes-des-meilleurs-professionnels-depuis-65-ans\/#primaryimage\"},\"thumbnailUrl\":\"https:\/\/www.eurodent.it\/wp-content\/uploads\/2023\/02\/timeline-fra.gif\",\"datePublished\":\"2023-02-23T16:30:55+00:00\",\"dateModified\":\"2023-02-23T16:31:28+00:00\",\"breadcrumb\":{\"@id\":\"https:\/\/www.eurodent.it\/fr\/aux-cotes-des-meilleurs-professionnels-depuis-65-ans\/#breadcrumb\"},\"inLanguage\":\"fr-FR\",\"potentialAction\":[{\"@type\":\"ReadAction\",\"target\":[\"https:\/\/www.eurodent.it\/fr\/aux-cotes-des-meilleurs-professionnels-depuis-65-ans\/\"]}]},{\"@type\":\"ImageObject\",\"inLanguage\":\"fr-FR\",\"@id\":\"https:\/\/www.eurodent.it\/fr\/aux-cotes-des-meilleurs-professionnels-depuis-65-ans\/#primaryimage\",\"url\":\"https:\/\/www.eurodent.it\/wp-content\/uploads\/2023\/02\/timeline-fra.gif\",\"contentUrl\":\"https:\/\/www.eurodent.it\/wp-content\/uploads\/2023\/02\/timeline-fra.gif\",\"width\":1240,\"height\":874},{\"@type\":\"BreadcrumbList\",\"@id\":\"https:\/\/www.eurodent.it\/fr\/aux-cotes-des-meilleurs-professionnels-depuis-65-ans\/#breadcrumb\",\"itemListElement\":[{\"@type\":\"ListItem\",\"position\":1,\"name\":\"Home\",\"item\":\"https:\/\/www.eurodent.it\/fr\/\"},{\"@type\":\"ListItem\",\"position\":2,\"name\":\"Aux cotes des meilleurs professionnels depuis 65 ans\"}]},{\"@type\":\"WebSite\",\"@id\":\"https:\/\/www.eurodent.it\/es\/#website\",\"url\":\"https:\/\/www.eurodent.it\/es\/\",\"name\":\"Eurodent - Treat Yourself! - Dental Equipment\",\"description\":\"\",\"publisher\":{\"@id\":\"https:\/\/www.eurodent.it\/es\/#organization\"},\"potentialAction\":[{\"@type\":\"SearchAction\",\"target\":{\"@type\":\"EntryPoint\",\"urlTemplate\":\"https:\/\/www.eurodent.it\/es\/?s={search_term_string}\"},\"query-input\":{\"@type\":\"PropertyValueSpecification\",\"valueRequired\":true,\"valueName\":\"search_term_string\"}}],\"inLanguage\":\"fr-FR\"},{\"@type\":\"Organization\",\"@id\":\"https:\/\/www.eurodent.it\/es\/#organization\",\"name\":\"Eurodent\",\"url\":\"https:\/\/www.eurodent.it\/es\/\",\"logo\":{\"@type\":\"ImageObject\",\"inLanguage\":\"fr-FR\",\"@id\":\"https:\/\/www.eurodent.it\/es\/#\/schema\/logo\/image\/\",\"url\":\"https:\/\/www.eurodent.it\/wp-content\/uploads\/2015\/02\/logo.png\",\"contentUrl\":\"https:\/\/www.eurodent.it\/wp-content\/uploads\/2015\/02\/logo.png\",\"width\":270,\"height\":60,\"caption\":\"Eurodent\"},\"image\":{\"@id\":\"https:\/\/www.eurodent.it\/es\/#\/schema\/logo\/image\/\"}},{\"@type\":\"Person\",\"@id\":\"https:\/\/www.eurodent.it\/es\/#\/schema\/person\/4945f076eae2da85e9dd0be5a250fdc1\",\"name\":\"mollusco.MEB\",\"image\":{\"@type\":\"ImageObject\",\"inLanguage\":\"fr-FR\",\"@id\":\"https:\/\/www.eurodent.it\/es\/#\/schema\/person\/image\/\",\"url\":\"https:\/\/secure.gravatar.com\/avatar\/fc4a75e54d1243711c3d556f078cbdaf?s=96&d=mm&r=g\",\"contentUrl\":\"https:\/\/secure.gravatar.com\/avatar\/fc4a75e54d1243711c3d556f078cbdaf?s=96&d=mm&r=g\",\"caption\":\"mollusco.MEB\"}}]}<\/script>\n<!-- \/ Yoast SEO plugin. -->","yoast_head_json":{"title":"Aux cotes des meilleurs professionnels depuis 65 ans - Eurodent - Treat Yourself! - Dental Equipment","robots":{"index":"index","follow":"follow","max-snippet":"max-snippet:-1","max-image-preview":"max-image-preview:large","max-video-preview":"max-video-preview:-1"},"canonical":"https:\/\/www.eurodent.it\/fr\/aux-cotes-des-meilleurs-professionnels-depuis-65-ans\/","og_locale":"fr_FR","og_type":"article","og_title":"Aux cotes des meilleurs professionnels depuis 65 ans - Eurodent - Treat Yourself! - Dental Equipment","og_description":"Eurodent f\u00eate ses 65 ans. Nous avons commenc\u00e9 \u00e0 produire des unit\u00e9s dentaires pendant la p\u00e9riode du boom \u00e9conomique. Nous avons \u00e9tudi\u00e9, con\u00e7u, exp\u00e9riment\u00e9, travaill\u00e9 dur aux c\u00f4t\u00e9s des dentistes pour comprendre leur profession et leur fournir des instruments de plus en plus performants.","og_url":"https:\/\/www.eurodent.it\/fr\/aux-cotes-des-meilleurs-professionnels-depuis-65-ans\/","og_site_name":"Eurodent - Treat Yourself! - Dental Equipment","article_published_time":"2023-02-23T16:30:55+00:00","article_modified_time":"2023-02-23T16:31:28+00:00","og_image":[{"width":1240,"height":874,"url":"https:\/\/www.eurodent.it\/wp-content\/uploads\/2023\/02\/timeline-fra.gif","type":"image\/gif"}],"author":"mollusco.MEB","twitter_card":"summary_large_image","twitter_misc":{"\u00c9crit par":"mollusco.MEB","Dur\u00e9e de lecture estim\u00e9e":"1 minute"},"schema":{"@context":"https:\/\/schema.org","@graph":[{"@type":"Article","@id":"https:\/\/www.eurodent.it\/fr\/aux-cotes-des-meilleurs-professionnels-depuis-65-ans\/#article","isPartOf":{"@id":"https:\/\/www.eurodent.it\/fr\/aux-cotes-des-meilleurs-professionnels-depuis-65-ans\/"},"author":{"name":"mollusco.MEB","@id":"https:\/\/www.eurodent.it\/es\/#\/schema\/person\/4945f076eae2da85e9dd0be5a250fdc1"},"headline":"Aux cotes des meilleurs professionnels depuis 65 ans","datePublished":"2023-02-23T16:30:55+00:00","dateModified":"2023-02-23T16:31:28+00:00","mainEntityOfPage":{"@id":"https:\/\/www.eurodent.it\/fr\/aux-cotes-des-meilleurs-professionnels-depuis-65-ans\/"},"wordCount":174,"publisher":{"@id":"https:\/\/www.eurodent.it\/es\/#organization"},"image":{"@id":"https:\/\/www.eurodent.it\/fr\/aux-cotes-des-meilleurs-professionnels-depuis-65-ans\/#primaryimage"},"thumbnailUrl":"https:\/\/www.eurodent.it\/wp-content\/uploads\/2023\/02\/timeline-fra.gif","articleSection":["Actualit\u00e9s"],"inLanguage":"fr-FR"},{"@type":"WebPage","@id":"https:\/\/www.eurodent.it\/fr\/aux-cotes-des-meilleurs-professionnels-depuis-65-ans\/","url":"https:\/\/www.eurodent.it\/fr\/aux-cotes-des-meilleurs-professionnels-depuis-65-ans\/","name":"Aux cotes des meilleurs professionnels depuis 65 ans - Eurodent - Treat Yourself! - Dental Equipment","isPartOf":{"@id":"https:\/\/www.eurodent.it\/es\/#website"},"primaryImageOfPage":{"@id":"https:\/\/www.eurodent.it\/fr\/aux-cotes-des-meilleurs-professionnels-depuis-65-ans\/#primaryimage"},"image":{"@id":"https:\/\/www.eurodent.it\/fr\/aux-cotes-des-meilleurs-professionnels-depuis-65-ans\/#primaryimage"},"thumbnailUrl":"https:\/\/www.eurodent.it\/wp-content\/uploads\/2023\/02\/timeline-fra.gif","datePublished":"2023-02-23T16:30:55+00:00","dateModified":"2023-02-23T16:31:28+00:00","breadcrumb":{"@id":"https:\/\/www.eurodent.it\/fr\/aux-cotes-des-meilleurs-professionnels-depuis-65-ans\/#breadcrumb"},"inLanguage":"fr-FR","potentialAction":[{"@type":"ReadAction","target":["https:\/\/www.eurodent.it\/fr\/aux-cotes-des-meilleurs-professionnels-depuis-65-ans\/"]}]},{"@type":"ImageObject","inLanguage":"fr-FR","@id":"https:\/\/www.eurodent.it\/fr\/aux-cotes-des-meilleurs-professionnels-depuis-65-ans\/#primaryimage","url":"https:\/\/www.eurodent.it\/wp-content\/uploads\/2023\/02\/timeline-fra.gif","contentUrl":"https:\/\/www.eurodent.it\/wp-content\/uploads\/2023\/02\/timeline-fra.gif","width":1240,"height":874},{"@type":"BreadcrumbList","@id":"https:\/\/www.eurodent.it\/fr\/aux-cotes-des-meilleurs-professionnels-depuis-65-ans\/#breadcrumb","itemListElement":[{"@type":"ListItem","position":1,"name":"Home","item":"https:\/\/www.eurodent.it\/fr\/"},{"@type":"ListItem","position":2,"name":"Aux cotes des meilleurs professionnels depuis 65 ans"}]},{"@type":"WebSite","@id":"https:\/\/www.eurodent.it\/es\/#website","url":"https:\/\/www.eurodent.it\/es\/","name":"Eurodent - Treat Yourself! - Dental Equipment","description":"","publisher":{"@id":"https:\/\/www.eurodent.it\/es\/#organization"},"potentialAction":[{"@type":"SearchAction","target":{"@type":"EntryPoint","urlTemplate":"https:\/\/www.eurodent.it\/es\/?s={search_term_string}"},"query-input":{"@type":"PropertyValueSpecification","valueRequired":true,"valueName":"search_term_string"}}],"inLanguage":"fr-FR"},{"@type":"Organization","@id":"https:\/\/www.eurodent.it\/es\/#organization","name":"Eurodent","url":"https:\/\/www.eurodent.it\/es\/","logo":{"@type":"ImageObject","inLanguage":"fr-FR","@id":"https:\/\/www.eurodent.it\/es\/#\/schema\/logo\/image\/","url":"https:\/\/www.eurodent.it\/wp-content\/uploads\/2015\/02\/logo.png","contentUrl":"https:\/\/www.eurodent.it\/wp-content\/uploads\/2015\/02\/logo.png","width":270,"height":60,"caption":"Eurodent"},"image":{"@id":"https:\/\/www.eurodent.it\/es\/#\/schema\/logo\/image\/"}},{"@type":"Person","@id":"https:\/\/www.eurodent.it\/es\/#\/schema\/person\/4945f076eae2da85e9dd0be5a250fdc1","name":"mollusco.MEB","image":{"@type":"ImageObject","inLanguage":"fr-FR","@id":"https:\/\/www.eurodent.it\/es\/#\/schema\/person\/image\/","url":"https:\/\/secure.gravatar.com\/avatar\/fc4a75e54d1243711c3d556f078cbdaf?s=96&d=mm&r=g","contentUrl":"https:\/\/secure.gravatar.com\/avatar\/fc4a75e54d1243711c3d556f078cbdaf?s=96&d=mm&r=g","caption":"mollusco.MEB"}}]}},"_links":{"self":[{"href":"https:\/\/www.eurodent.it\/fr\/wp-json\/wp\/v2\/posts\/14358","targetHints":{"allow":["GET"]}}],"collection":[{"href":"https:\/\/www.eurodent.it\/fr\/wp-json\/wp\/v2\/posts"}],"about":[{"href":"https:\/\/www.eurodent.it\/fr\/wp-json\/wp\/v2\/types\/post"}],"author":[{"embeddable":true,"href":"https:\/\/www.eurodent.it\/fr\/wp-json\/wp\/v2\/users\/5"}],"replies":[{"embeddable":true,"href":"https:\/\/www.eurodent.it\/fr\/wp-json\/wp\/v2\/comments?post=14358"}],"version-history":[{"count":0,"href":"https:\/\/www.eurodent.it\/fr\/wp-json\/wp\/v2\/posts\/14358\/revisions"}],"wp:featuredmedia":[{"embeddable":true,"href":"https:\/\/www.eurodent.it\/fr\/wp-json\/wp\/v2\/media\/14359"}],"wp:attachment":[{"href":"https:\/\/www.eurodent.it\/fr\/wp-json\/wp\/v2\/media?parent=14358"}],"wp:term":[{"taxonomy":"category","embeddable":true,"href":"https:\/\/www.eurodent.it\/fr\/wp-json\/wp\/v2\/categories?post=14358"},{"taxonomy":"post_tag","embeddable":true,"href":"https:\/\/www.eurodent.it\/fr\/wp-json\/wp\/v2\/tags?post=14358"}],"curies":[{"name":"wp","href":"https:\/\/api.w.org\/{rel}","templated":true}]}}